{"id":2548,"date":"2018-08-24T13:41:07","date_gmt":"2018-08-24T12:41:07","guid":{"rendered":"http:\/\/sdh-velesin.net\/?p=2548"},"modified":"2018-08-27T19:05:39","modified_gmt":"2018-08-27T18:05:39","slug":"28-8-2018-dopravni-nehoda-holkov","status":"publish","type":"post","link":"https:\/\/sdh-velesin.net\/?p=2548","title":{"rendered":"24.8.2018 &#8211; Dopravn\u00ed nehoda Holkov"},"content":{"rendered":"<p>V\u00a0p\u00e1tek 24.8. ve 13:41 byla jednotka svol\u00e1na na dopravn\u00ed nehodu osobn\u00edho vozu s\u00a0dod\u00e1vkou na K\u0159i\u017eovatce Holkov &#8211; \u0158\u00edmov. Na m\u00edsto vyjela s\u00a0CAS 16 MD v\u00a0po\u010dtu 1+3, po p\u0159\u00edjezdu na m\u00edsto ud\u00e1losti jednotka provedla protipo\u017e\u00e1rn\u00ed opat\u0159en\u00ed, zaji\u0161t\u011bn\u00ed m\u00edsta z\u00e1sahu a v\u00a0pr\u016fb\u011bhu \u0159\u00eddila dopravu. Pot\u00e9 pomohla oba vozy nalo\u017eit odtahov\u00e9 slu\u017eb\u011b a vr\u00e1tila se zp\u011bt na z\u00e1kladnu.<\/p>\n<div id='gallery-1' class='gallery galleryid-2548 gallery-columns-3 gallery-size-medium'><figure class='gallery-item'>\n\t\t\t<div class='gallery-icon landscape'>\n\t\t\t\t<a href='https:\/\/sdh-velesin.net\/wp-content\/uploads\/DN-Holkov-24.8-1.jpg' rel=\"lightbox[2548]\"><img loading=\"lazy\" decoding=\"async\" width=\"400\" height=\"225\" src=\"https:\/\/sdh-velesin.net\/wp-content\/uploads\/DN-Holkov-24.8-1-400x225.jpg\" class=\"attachment-medium size-medium\" alt=\"\" srcset=\"https:\/\/sdh-velesin.net\/wp-content\/uploads\/DN-Holkov-24.8-1-400x225.jpg 400w, https:\/\/sdh-velesin.net\/wp-content\/uploads\/DN-Holkov-24.8-1-850x478.jpg 850w\" sizes=\"auto, (max-width: 400px) 100vw, 400px\" \/><\/a>\n\t\t\t<\/div><\/figure><figure class='gallery-item'>\n\t\t\t<div class='gallery-icon landscape'>\n\t\t\t\t<a href='https:\/\/sdh-velesin.net\/wp-content\/uploads\/DN-Holkov-24.8-2.jpg' rel=\"lightbox[2548]\"><img loading=\"lazy\" decoding=\"async\" width=\"400\" height=\"225\" src=\"https:\/\/sdh-velesin.net\/wp-content\/uploads\/DN-Holkov-24.8-2-400x225.jpg\" class=\"attachment-medium size-medium\" alt=\"\" srcset=\"https:\/\/sdh-velesin.net\/wp-content\/uploads\/DN-Holkov-24.8-2-400x225.jpg 400w, https:\/\/sdh-velesin.net\/wp-content\/uploads\/DN-Holkov-24.8-2-850x478.jpg 850w\" sizes=\"auto, (max-width: 400px) 100vw, 400px\" \/><\/a>\n\t\t\t<\/div><\/figure><figure class='gallery-item'>\n\t\t\t<div class='gallery-icon landscape'>\n\t\t\t\t<a href='https:\/\/sdh-velesin.net\/wp-content\/uploads\/DN-Holkov-24.8-3.jpg' rel=\"lightbox[2548]\"><img loading=\"lazy\" decoding=\"async\" width=\"400\" height=\"225\" src=\"https:\/\/sdh-velesin.net\/wp-content\/uploads\/DN-Holkov-24.8-3-400x225.jpg\" class=\"attachment-medium size-medium\" alt=\"\" srcset=\"https:\/\/sdh-velesin.net\/wp-content\/uploads\/DN-Holkov-24.8-3-400x225.jpg 400w, https:\/\/sdh-velesin.net\/wp-content\/uploads\/DN-Holkov-24.8-3-850x478.jpg 850w\" sizes=\"auto, (max-width: 400px) 100vw, 400px\" \/><\/a>\n\t\t\t<\/div><\/figure>\n\t\t<\/div>\n\n","protected":false},"excerpt":{"rendered":"<p>V\u00a0p\u00e1tek 24.8. ve 13:41 byla jednotka svol\u00e1na na dopravn\u00ed nehodu osobn\u00edho vozu s\u00a0dod\u00e1vkou na K\u0159i\u017eovatce Holkov &#8211; \u0158\u00edmov. Na m\u00edsto vyjela s\u00a0CAS 16 MD v\u00a0po\u010dtu 1+3, po p\u0159\u00edjezdu na m\u00edsto ud\u00e1losti jednotka provedla protipo\u017e\u00e1rn\u00ed opat\u0159en\u00ed, zaji\u0161t\u011bn\u00ed m\u00edsta z\u00e1sahu a v\u00a0pr\u016fb\u011bhu \u0159\u00eddila dopravu. Pot\u00e9 pomohla oba vozy nalo\u017eit odtahov\u00e9 slu\u017eb\u011b a vr\u00e1tila se zp\u011bt na z\u00e1kladnu.<\/p>\n","protected":false},"author":4,"featured_media":0,"comment_status":"closed","ping_status":"closed","sticky":false,"template":"","format":"standard","meta":{"footnotes":""},"categories":[29],"tags":[],"class_list":["post-2548","post","type-post","status-publish","format-standard","hentry","category-zas_2018"],"_links":{"self":[{"href":"https:\/\/sdh-velesin.net\/index.php?rest_route=\/wp\/v2\/posts\/2548","targetHints":{"allow":["GET"]}}],"collection":[{"href":"https:\/\/sdh-velesin.net\/index.php?rest_route=\/wp\/v2\/posts"}],"about":[{"href":"https:\/\/sdh-velesin.net\/index.php?rest_route=\/wp\/v2\/types\/post"}],"author":[{"embeddable":true,"href":"https:\/\/sdh-velesin.net\/index.php?rest_route=\/wp\/v2\/users\/4"}],"replies":[{"embeddable":true,"href":"https:\/\/sdh-velesin.net\/index.php?rest_route=%2Fwp%2Fv2%2Fcomments&post=2548"}],"version-history":[{"count":2,"href":"https:\/\/sdh-velesin.net\/index.php?rest_route=\/wp\/v2\/posts\/2548\/revisions"}],"predecessor-version":[{"id":2558,"href":"https:\/\/sdh-velesin.net\/index.php?rest_route=\/wp\/v2\/posts\/2548\/revisions\/2558"}],"wp:attachment":[{"href":"https:\/\/sdh-velesin.net\/index.php?rest_route=%2Fwp%2Fv2%2Fmedia&parent=2548"}],"wp:term":[{"taxonomy":"category","embeddable":true,"href":"https:\/\/sdh-velesin.net\/index.php?rest_route=%2Fwp%2Fv2%2Fcategories&post=2548"},{"taxonomy":"post_tag","embeddable":true,"href":"https:\/\/sdh-velesin.net\/index.php?rest_route=%2Fwp%2Fv2%2Ftags&post=2548"}],"curies":[{"name":"wp","href":"https:\/\/api.w.org\/{rel}","templated":true}]}}