{"id":1953,"date":"2015-07-08T02:17:01","date_gmt":"2015-07-08T01:17:01","guid":{"rendered":"http:\/\/sdh-velesin.net\/?p=1953"},"modified":"2015-07-13T13:16:57","modified_gmt":"2015-07-13T12:16:57","slug":"8-7-2015-pozar-ubytovny-plany-poplach","status":"publish","type":"post","link":"https:\/\/sdh-velesin.net\/?p=1953","title":{"rendered":"8.7.2015 Po\u017e\u00e1r ubytovny (plan\u00fd poplach)"},"content":{"rendered":"<p>Dne 8.7.2015 ve 2:17 byl Jednotce SDH Vele\u0161\u00edn vyhl\u00e1\u0161en poplach k po\u017e\u00e1ru v ul. Strahovsk\u00e1 ve Vele\u0161\u00edn\u011b. Po kontaktu opera\u010dn\u00edho st\u0159ediska bylo zji\u0161t\u011bno, \u017ee m\u011blo j\u00edt o kou\u0159 vych\u00e1zej\u00edc\u00ed z ubytovny z b\u00fdval\u00e9ho kulturn\u00edho domu. Jednotka byla vysl\u00e1na s ob\u011bma cisternami. Na m\u00edsto t\u00e9\u017e dorazila jednotka HZS PS Kaplice, rovn\u011b\u017e s dv\u011bma CAS.<br \/>\nPr\u016fzkumem \u010dlenit\u00e9 budovy a jej\u00edho okol\u00ed nebyly \u017e\u00e1dn\u00e9 hl\u00e1\u0161en\u00e9 okolnosti zaznamen\u00e1ny, jednalo se tedy op\u011bt o plan\u00fd poplach. (K podobn\u00e9mu p\u0159\u00edpadu i ve stejn\u00e9 lokalit\u011b ji\u017e jednotka vyj\u00ed\u017ed\u011bla 16.3.2015)<br \/>\nKontaktov\u00e1n byl tak\u00e9 majitel ubytovny, na m\u00edsto se v\u0161ak nedostavil.<\/p>\n","protected":false},"excerpt":{"rendered":"<p>Dne 8.7.2015 ve 2:17 byl Jednotce SDH Vele\u0161\u00edn vyhl\u00e1\u0161en poplach k po\u017e\u00e1ru v ul. Strahovsk\u00e1 ve Vele\u0161\u00edn\u011b. Po kontaktu opera\u010dn\u00edho st\u0159ediska bylo zji\u0161t\u011bno, \u017ee m\u011blo j\u00edt o kou\u0159 vych\u00e1zej\u00edc\u00ed z ubytovny z b\u00fdval\u00e9ho kulturn\u00edho domu. Jednotka byla vysl\u00e1na s ob\u011bma cisternami. Na m\u00edsto t\u00e9\u017e dorazila jednotka HZS PS Kaplice, rovn\u011b\u017e s dv\u011bma CAS. Pr\u016fzkumem \u010dlenit\u00e9 &#8230; <a title=\"8.7.2015 Po\u017e\u00e1r ubytovny (plan\u00fd poplach)\" class=\"read-more\" href=\"https:\/\/sdh-velesin.net\/?p=1953\" aria-label=\"\u010c\u00edst v\u00edce o 8.7.2015 Po\u017e\u00e1r ubytovny (plan\u00fd poplach)\">\u010c\u00edst d\u00e1l<\/a><\/p>\n","protected":false},"author":4,"featured_media":0,"comment_status":"closed","ping_status":"closed","sticky":false,"template":"","format":"standard","meta":{"footnotes":""},"categories":[26],"tags":[],"class_list":["post-1953","post","type-post","status-publish","format-standard","hentry","category-zas_2015"],"_links":{"self":[{"href":"https:\/\/sdh-velesin.net\/index.php?rest_route=\/wp\/v2\/posts\/1953","targetHints":{"allow":["GET"]}}],"collection":[{"href":"https:\/\/sdh-velesin.net\/index.php?rest_route=\/wp\/v2\/posts"}],"about":[{"href":"https:\/\/sdh-velesin.net\/index.php?rest_route=\/wp\/v2\/types\/post"}],"author":[{"embeddable":true,"href":"https:\/\/sdh-velesin.net\/index.php?rest_route=\/wp\/v2\/users\/4"}],"replies":[{"embeddable":true,"href":"https:\/\/sdh-velesin.net\/index.php?rest_route=%2Fwp%2Fv2%2Fcomments&post=1953"}],"version-history":[{"count":1,"href":"https:\/\/sdh-velesin.net\/index.php?rest_route=\/wp\/v2\/posts\/1953\/revisions"}],"predecessor-version":[{"id":1954,"href":"https:\/\/sdh-velesin.net\/index.php?rest_route=\/wp\/v2\/posts\/1953\/revisions\/1954"}],"wp:attachment":[{"href":"https:\/\/sdh-velesin.net\/index.php?rest_route=%2Fwp%2Fv2%2Fmedia&parent=1953"}],"wp:term":[{"taxonomy":"category","embeddable":true,"href":"https:\/\/sdh-velesin.net\/index.php?rest_route=%2Fwp%2Fv2%2Fcategories&post=1953"},{"taxonomy":"post_tag","embeddable":true,"href":"https:\/\/sdh-velesin.net\/index.php?rest_route=%2Fwp%2Fv2%2Ftags&post=1953"}],"curies":[{"name":"wp","href":"https:\/\/api.w.org\/{rel}","templated":true}]}}