{"id":1289,"date":"2012-05-01T09:46:07","date_gmt":"2012-05-01T07:46:07","guid":{"rendered":"http:\/\/sdh-velesin.net\/?p=1289"},"modified":"2012-06-05T17:34:07","modified_gmt":"2012-06-05T15:34:07","slug":"zima-u-sdh-velesin","status":"publish","type":"post","link":"https:\/\/sdh-velesin.net\/?p=1289","title":{"rendered":"Zima u SDH Vele\u0161\u00edn &#8211; \u010cl\u00e1nek publikovan\u00fd ve Vele\u0161\u00ednsk\u00e9m zpravodaji"},"content":{"rendered":"<p>Po del\u0161\u00ed odmlce bych cht\u011bl v\u0161echny ob\u010dany sezn\u00e1mit s \u010dinnost\u00ed SDH v zimn\u00edm obdob\u00ed, kdy se nekon\u00e1 sout\u011b\u017en\u00ed obdob\u00ed. Po posledn\u00ed sout\u011b\u017ei je t\u0159eba v\u011bnovat se technice a tak\u00e9 z\u00e1sadn\u011bj\u0161\u00edm \u010dinnostem na zbrojnici. D\u00edky vyt\u00ed\u017eenosti p\u0159es sezonu si v\u011bt\u0161\u00ed \u00fapravy zbrojnice i techniky nech\u00e1v\u00e1me pr\u00e1v\u011b na klidn\u011bj\u0161\u00ed obdob\u00ed zimy. V z\u00e1vodn\u00edch st\u0159\u00edka\u010dk\u00e1ch jsme vym\u011bnili provozn\u00ed kapaliny a p\u0159ipravili je na dal\u0161\u00ed sout\u011b\u017en\u00ed kl\u00e1n\u00ed. \u0160kolen\u00ed vedouc\u00edch ml\u00e1de\u017ee, strojn\u00edk\u016f a velitel\u016f je pl\u00e1nov\u00e1no tak\u00e9 na toto obdob\u00ed.<\/p>\n<p>Je\u0161t\u011b ne\u017e jsme zasedli ke \u0161t\u011bdrove\u010dern\u00ed ve\u010de\u0159i jsme vyjeli k po\u017e\u00e1ru v pe\u010dovatelsk\u00e9m dom\u011b ve Vele\u0161\u00edn\u011b, na\u0161t\u011bst\u00ed se jednalo o po\u017e\u00e1r mal\u00e9ho rozsahu, ale jeliko\u017e \u0161lo o pe\u010dovatelsk\u00fd d\u016fm, nic nebylo podcen\u011bno a spole\u010dn\u011b s na\u0161\u00ed jednotkou zasahovaly i jednotky HZS Kaplice a HZS \u010c.Krumlov, Policie \u010cR a ZZS. Hned na Nov\u00fd rok jsme op\u011bt zasahovali, tentokr\u00e1t u po\u017e\u00e1ru hrabanky U p\u0159ehrady.<\/p>\n<p>Se za\u010d\u00e1tkem roku 2012 dostala JSDHO 5ks d\u00fdchac\u00edch p\u0159\u00edstroj\u016f Saturn od HZS J\u010dK, a proto 5 \u010dlen\u016f z\u00e1sahov\u00e9 jednotky pro\u0161lo zdravotn\u00ed prohl\u00eddkou a v polovin\u011b ledna i n\u00e1sledn\u00fdm \u0161kolen\u00edm v\u010detn\u011b &#8222;proch\u00e1zky&#8220; polygonem v HZS \u010cesk\u00e9 Bud\u011bjovice. Nyn\u00ed ji\u017e m\u016f\u017eeme zasahovat i v zakou\u0159en\u00fdch prostor\u00e1ch bez obav o vlastn\u00ed zdrav\u00ed.<\/p>\n<p><a href=\"http:\/\/sdh-velesin.rajce.idnes.cz\/2012_skoleni_dychaky\/\" target=\"_blank\"><img loading=\"lazy\" decoding=\"async\" src=\"https:\/\/sdh-velesin.net\/wp-content\/uploads\/2012_skoleni_dychaky_08.jpg\" alt=\"\" title=\"2012_skoleni_dychaky_08\" width=\"480\" height=\"320\" class=\"aligncenter size-full wp-image-1307\" srcset=\"https:\/\/sdh-velesin.net\/wp-content\/uploads\/2012_skoleni_dychaky_08.jpg 480w, https:\/\/sdh-velesin.net\/wp-content\/uploads\/2012_skoleni_dychaky_08-300x200.jpg 300w\" sizes=\"auto, (max-width: 480px) 100vw, 480px\" \/><\/a><\/p>\n<p>Ve ve\u010dern\u00edch hodin\u00e1ch dne 10.2. byl vyhl\u00e1\u0161en dal\u0161\u00ed poplach do obce Rozpout\u00ed, kde ho\u0159ela st\u0159echa rodinn\u00e9ho domu. Na\u0161e jednotka pom\u00e1hala HZS Kaplice. Z\u00e1rove\u0148 si jeden z \u010dlen\u016f poprv\u00e9 naostro vyzkou\u0161el z\u00e1sah v d\u00fdchac\u00ed technice. Velk\u00fd mr\u00e1z n\u00e1m dost zt\u011b\u017eoval pr\u00e1ci, ale v\u0161e prob\u011bhlo bez v\u011bt\u0161\u00edch probl\u00e9m\u016f a poda\u0159ilo se zabr\u00e1nit v\u011bt\u0161\u00ed \u0161kod\u011b. Zat\u00edm posledn\u00ed z\u00e1sahovou akc\u00ed byl dne 11.4 po\u017e\u00e1r bal\u00edk\u016f sl\u00e1my v are\u00e1lu ZD, na\u0161t\u011bst\u00ed v\u010dasn\u00fdm z\u00e1sahem se po\u017e\u00e1r neroz\u0161\u00ed\u0159il na okoln\u00ed budovy.<\/p>\n<p>Dal\u0161\u00ed na\u0161\u00ed ka\u017edoro\u010dn\u00ed \u010dinnost\u00ed je samoz\u0159ejm\u011b hasi\u010dsk\u00fd ples, letos konan\u00fd 4. \u00fanora. Osobn\u011b si mysl\u00edm, \u017ee se op\u011bt vyda\u0159il a v\u0161ichni odch\u00e1zeli spokojeni. D\u011bkujeme t\u00edmto v\u0161em z\u00fa\u010dastn\u011bn\u00fdm za p\u0159\u00edjemnou atmosf\u00e9ru, je to pro n\u00e1s povzbuzen\u00edm do dal\u0161\u00edch let. <\/p>\n<p>Koncem \u00fanora jsme se kone\u010dn\u011b dostali na pl\u00e1novanou \u00fapravu sklepn\u00edch prostor zbrojnice, a proto jsme sklep vyst\u011bhovali, ud\u011blali novou podlahu a zas v\u0161e uspo\u0159\u00e1dali zp\u011bt. N\u00e1sledn\u011b jsme vyvezli ob\u011b vozidla ven a zbrojnici \u0159\u00e1dn\u011b &#8222;vy\u0161\u016frovali&#8220;. <\/p>\n<p><a href=\"http:\/\/sdh-velesin.rajce.idnes.cz\/2012_uklid_zbrojnice\/\" target=\"_blank\"><img loading=\"lazy\" decoding=\"async\" src=\"https:\/\/sdh-velesin.net\/wp-content\/uploads\/uklid_03-300x225.jpg\" alt=\"\" title=\"uklid_zbrojnice\" width=\"640\" height=\"480\" class=\"aligncenter size-medium wp-image-1313\" srcset=\"https:\/\/sdh-velesin.net\/wp-content\/uploads\/uklid_03-300x225.jpg 300w, https:\/\/sdh-velesin.net\/wp-content\/uploads\/uklid_03-900x675.jpg 900w, https:\/\/sdh-velesin.net\/wp-content\/uploads\/uklid_03.jpg 960w\" sizes=\"auto, (max-width: 640px) 100vw, 640px\" \/><\/a><\/p>\n<p>B\u011bhem cel\u00e9 zimy pokra\u010dovala i pr\u00e1ce s kolektivem mlad\u00fdch hasi\u010d\u016f, kter\u00fd je t\u0159eba st\u00e1le p\u0159ipravovat. Jejich sezona za\u010d\u00edn\u00e1 ji\u017e 21.4.2012 sout\u011b\u017e\u00ed v Omlenic\u00edch. \u010casu nen\u00ed nazbyt a tr\u00e9nuje se i v zimn\u00edch m\u011bs\u00edc\u00edch v prostor\u00e1ch zbrojnice ka\u017edou st\u0159edu od 16 hodin.<\/p>\n<p>Je\u0161t\u011b o v\u00edkendu 13.4. a 14.4. se velitel\u00e9 dru\u017estev a strojn\u00edci \u00fa\u010dastnili dvoudenn\u00edho \u0161kolen\u00ed v are\u00e1lu st\u0159elnice P\u010cR v \u010cesk\u00e9m Krumlov\u011b, kde si v praxi osv\u011b\u017eili i m\u00e9n\u011b \u010dast\u00e9 \u010dinnosti jako je pr\u00e1ce na lan\u011b, vypro\u0161\u0165ov\u00e1n\u00ed po dopravn\u00edch nehod\u00e1ch, teorii spojen\u00ed a dal\u0161\u00ed \u010dinnosti. O na\u0161\u00ed dal\u0161\u00ed \u010dinnosti V\u00e1s budeme r\u00e1di informovat v dal\u0161\u00edch \u010d\u00edslech zpravodaje.<br \/>\n                                                                                SDH Vele\u0161\u00edn<\/p>\n","protected":false},"excerpt":{"rendered":"<p>Po del\u0161\u00ed odmlce bych cht\u011bl v\u0161echny ob\u010dany sezn\u00e1mit s \u010dinnost\u00ed SDH v zimn\u00edm obdob\u00ed, kdy se nekon\u00e1 sout\u011b\u017en\u00ed obdob\u00ed. Po posledn\u00ed sout\u011b\u017ei je t\u0159eba v\u011bnovat se technice a tak\u00e9 z\u00e1sadn\u011bj\u0161\u00edm \u010dinnostem na zbrojnici. D\u00edky vyt\u00ed\u017eenosti p\u0159es sezonu si v\u011bt\u0161\u00ed \u00fapravy zbrojnice i techniky nech\u00e1v\u00e1me pr\u00e1v\u011b na klidn\u011bj\u0161\u00ed obdob\u00ed zimy. V z\u00e1vodn\u00edch st\u0159\u00edka\u010dk\u00e1ch jsme vym\u011bnili provozn\u00ed &#8230; <a title=\"Zima u SDH Vele\u0161\u00edn &#8211; \u010cl\u00e1nek publikovan\u00fd ve Vele\u0161\u00ednsk\u00e9m zpravodaji\" class=\"read-more\" href=\"https:\/\/sdh-velesin.net\/?p=1289\" aria-label=\"\u010c\u00edst v\u00edce o Zima u SDH Vele\u0161\u00edn &#8211; \u010cl\u00e1nek publikovan\u00fd ve Vele\u0161\u00ednsk\u00e9m zpravodaji\">\u010c\u00edst d\u00e1l<\/a><\/p>\n","protected":false},"author":1,"featured_media":0,"comment_status":"closed","ping_status":"closed","sticky":false,"template":"","format":"standard","meta":{"footnotes":""},"categories":[9,18,16,17,21],"tags":[],"class_list":["post-1289","post","type-post","status-publish","format-standard","hentry","category-novinky","category-souteze-muzi","category-souteze-zaci","category-souteze-zeny","category-zas_2012"],"_links":{"self":[{"href":"https:\/\/sdh-velesin.net\/index.php?rest_route=\/wp\/v2\/posts\/1289","targetHints":{"allow":["GET"]}}],"collection":[{"href":"https:\/\/sdh-velesin.net\/index.php?rest_route=\/wp\/v2\/posts"}],"about":[{"href":"https:\/\/sdh-velesin.net\/index.php?rest_route=\/wp\/v2\/types\/post"}],"author":[{"embeddable":true,"href":"https:\/\/sdh-velesin.net\/index.php?rest_route=\/wp\/v2\/users\/1"}],"replies":[{"embeddable":true,"href":"https:\/\/sdh-velesin.net\/index.php?rest_route=%2Fwp%2Fv2%2Fcomments&post=1289"}],"version-history":[{"count":15,"href":"https:\/\/sdh-velesin.net\/index.php?rest_route=\/wp\/v2\/posts\/1289\/revisions"}],"predecessor-version":[{"id":1318,"href":"https:\/\/sdh-velesin.net\/index.php?rest_route=\/wp\/v2\/posts\/1289\/revisions\/1318"}],"wp:attachment":[{"href":"https:\/\/sdh-velesin.net\/index.php?rest_route=%2Fwp%2Fv2%2Fmedia&parent=1289"}],"wp:term":[{"taxonomy":"category","embeddable":true,"href":"https:\/\/sdh-velesin.net\/index.php?rest_route=%2Fwp%2Fv2%2Fcategories&post=1289"},{"taxonomy":"post_tag","embeddable":true,"href":"https:\/\/sdh-velesin.net\/index.php?rest_route=%2Fwp%2Fv2%2Ftags&post=1289"}],"curies":[{"name":"wp","href":"https:\/\/api.w.org\/{rel}","templated":true}]}}